{"id":6751,"date":"2018-03-28T11:31:04","date_gmt":"2018-03-28T14:31:04","guid":{"rendered":"https:\/\/expoforest.com.br\/?p=6751"},"modified":"2018-03-28T11:31:04","modified_gmt":"2018-03-28T14:31:04","slug":"novidades-em-mogno-africano","status":"publish","type":"post","link":"https:\/\/www.expoforest.com.br\/2023\/novidades-em-mogno-africano\/","title":{"rendered":"NOVIDADES EM MOGNO AFRICANO"},"content":{"rendered":"<p><span style=\"font-weight: 400;\">Apesar de representarem a imensa maioria das florestas plantadas no Brasil, as esp\u00e9cies dos g\u00eaneros <\/span><i><span style=\"font-weight: 400;\">Eucalyptus <\/span><\/i><span style=\"font-weight: 400;\">e <\/span><i><span style=\"font-weight: 400;\">Pinus <\/span><\/i><span style=\"font-weight: 400;\">n\u00e3o s\u00e3o as \u00fanicas que podem se beneficiar das excelentes condi\u00e7\u00f5es edafoclim\u00e1ticas do pa\u00eds. De fato, o mercado de madeiras nobres (como o mogno africano, cedro australiano e a teca) d\u00e1 sinais de grande rentabilidade e deve avan\u00e7ar ainda mais no futuro pr\u00f3ximo.<\/span><\/p>\n<p><span style=\"font-weight: 400;\">O IBF (Instituto Brasileiro de Florestas) \u00e9 uma empresa fundada com o objetivo de desenvolver material gen\u00e9tico para produ\u00e7\u00e3o de madeiras nobres e promover o restauro florestal em todo o territ\u00f3rio brasileiro. Visando divulgar esse trabalho, o IBF estar\u00e1 presente como expositor da Expoforest 2018.<\/span><\/p>\n<p><b>\u201c<\/b><span style=\"font-weight: 400;\">Considerando a parceria de longos anos do IBF junto ao Grupo Malinosvki, n\u00e3o houve d\u00favidas de confirmarmos nossa participa\u00e7\u00e3o na feira que consolida os atuais investimentos e as novidades em tecnologias do ramo florestal. Um de nossos lan\u00e7amentos ser\u00e1 a apresenta\u00e7\u00e3o dos cortes de madeira nobre de Mogno Africano da esp\u00e9cie\u00a0<\/span><i><span style=\"font-weight: 400;\">Khaya Senegalensis<\/span><\/i><i><span style=\"font-weight: 400;\">,<\/span><\/i><span style=\"font-weight: 400;\"> madeira visada pelo mercado local e europeu\u201d, relata a gerente do depto. de comunica\u00e7\u00e3o e marketing do IBF, Beth\u00e2nia Nardi.<\/span><\/p>\n<p><span style=\"font-weight: 400;\">Ainda, Beth\u00e2nia justifica a participa\u00e7\u00e3o do Instituto enfatizando a cren\u00e7a do IBF de que a experi\u00eancia em participar de eventos da grandeza da Expoforest fortifica o ramo florestal e madeireiro no Brasil, al\u00e9m de firmar a credibilidade das informa\u00e7\u00f5es, lan\u00e7amentos e inova\u00e7\u00f5es aos profissionais e investidores de florestas comerciais.<\/span><\/p>\n<p><span style=\"font-weight: 400;\">Na Expoforest, visitantes interessados em conhecer mais sobre o trabalho do Instituto Brasileiro de Florestas e os novos cortes do Mogno Africano poder\u00e3o encontrar seus representantes no estande n\u00ba 23, localizado na \u00e1rea est\u00e1tica da feira. A 4\u00aa Expoforest ocorre de 11 a 13 de abril em Santa Rita do Passa Quatro (SP), das 9h00 \u00e0s 17h00.<\/span><\/p>\n","protected":false},"excerpt":{"rendered":"<p>Apesar de representarem a imensa maioria das florestas plantadas no Brasil, as esp\u00e9cies dos g\u00eaneros Eucalyptus e Pinus n\u00e3o s\u00e3o as \u00fanicas que podem se beneficiar das excelentes condi\u00e7\u00f5es edafoclim\u00e1ticas do pa\u00eds. De fato, o mercado de madeiras nobres (como o mogno africano, cedro australiano e a teca) d\u00e1 sinais de grande rentabilidade e deve [&hellip;]<\/p>\n","protected":false},"author":3,"featured_media":6752,"comment_status":"open","ping_status":"open","sticky":false,"template":"","format":"standard","meta":{"_acf_changed":false,"footnotes":""},"categories":[1,12],"tags":[28,32,66,68,70,72,74],"class_list":["post-6751","post","type-post","status-publish","format-standard","has-post-thumbnail","hentry","category-sem-categoria","category-sobre-a-feira","tag-expoforest-2018","tag-feira-florestal-brasileira","tag-ibf","tag-instituto-brasileiro-de-florestas","tag-khaya-senegalensis","tag-madeira-nobre","tag-mogno-africano"],"acf":[],"yoast_head":"<!-- This site is optimized with the Yoast SEO plugin v26.9 - https:\/\/yoast.com\/product\/yoast-seo-wordpress\/ -->\n<title>NOVIDADES EM MOGNO AFRICANO - Expoforest<\/title>\n<meta name=\"robots\" content=\"index, follow, max-snippet:-1, max-image-preview:large, max-video-preview:-1\" \/>\n<link rel=\"canonical\" href=\"https:\/\/www.expoforest.com.br\/2023\/novidades-em-mogno-africano\/\" \/>\n<meta property=\"og:locale\" content=\"pt_BR\" \/>\n<meta property=\"og:type\" content=\"article\" \/>\n<meta property=\"og:title\" content=\"NOVIDADES EM MOGNO AFRICANO - Expoforest\" \/>\n<meta property=\"og:description\" content=\"Apesar de representarem a imensa maioria das florestas plantadas no Brasil, as esp\u00e9cies dos g\u00eaneros Eucalyptus e Pinus n\u00e3o s\u00e3o as \u00fanicas que podem se beneficiar das excelentes condi\u00e7\u00f5es edafoclim\u00e1ticas do pa\u00eds. De fato, o mercado de madeiras nobres (como o mogno africano, cedro australiano e a teca) d\u00e1 sinais de grande rentabilidade e deve [&hellip;]\" \/>\n<meta property=\"og:url\" content=\"https:\/\/www.expoforest.com.br\/2023\/novidades-em-mogno-africano\/\" \/>\n<meta property=\"og:site_name\" content=\"Expoforest\" \/>\n<meta property=\"article:published_time\" content=\"2018-03-28T14:31:04+00:00\" \/>\n<meta property=\"og:image\" content=\"https:\/\/www.expoforest.com.br\/2023\/wp-content\/uploads\/2018\/03\/Khaya-Senegalensis.jpg\" \/>\n\t<meta property=\"og:image:width\" content=\"800\" \/>\n\t<meta property=\"og:image:height\" content=\"600\" \/>\n\t<meta property=\"og:image:type\" content=\"image\/jpeg\" \/>\n<meta name=\"author\" content=\"Expoforest\" \/>\n<meta name=\"twitter:card\" content=\"summary_large_image\" \/>\n<meta name=\"twitter:label1\" content=\"Escrito por\" \/>\n\t<meta name=\"twitter:data1\" content=\"Expoforest\" \/>\n\t<meta name=\"twitter:label2\" content=\"Est. tempo de leitura\" \/>\n\t<meta name=\"twitter:data2\" content=\"2 minutos\" \/>\n<script type=\"application\/ld+json\" class=\"yoast-schema-graph\">{\"@context\":\"https:\/\/schema.org\",\"@graph\":[{\"@type\":\"Article\",\"@id\":\"https:\/\/www.expoforest.com.br\/2023\/novidades-em-mogno-africano\/#article\",\"isPartOf\":{\"@id\":\"https:\/\/www.expoforest.com.br\/2023\/novidades-em-mogno-africano\/\"},\"author\":{\"name\":\"Expoforest\",\"@id\":\"https:\/\/www.expoforest.com.br\/2023\/#\/schema\/person\/8d0d6da75e47a9625367fd168d6193ed\"},\"headline\":\"NOVIDADES EM MOGNO AFRICANO\",\"datePublished\":\"2018-03-28T14:31:04+00:00\",\"mainEntityOfPage\":{\"@id\":\"https:\/\/www.expoforest.com.br\/2023\/novidades-em-mogno-africano\/\"},\"wordCount\":313,\"commentCount\":0,\"publisher\":{\"@id\":\"https:\/\/www.expoforest.com.br\/2023\/#organization\"},\"image\":{\"@id\":\"https:\/\/www.expoforest.com.br\/2023\/novidades-em-mogno-africano\/#primaryimage\"},\"thumbnailUrl\":\"https:\/\/www.expoforest.com.br\/2023\/wp-content\/uploads\/2018\/03\/Khaya-Senegalensis.jpg\",\"keywords\":[\"Expoforest 2018\",\"Feira florestal brasileira\",\"IBF\",\"Instituto Brasileiro de Florestas\",\"Khaya Senegalensis\",\"Madeira Nobre\",\"Mogno Africano\"],\"articleSection\":{\"1\":\"Sobre a Feira\"},\"inLanguage\":\"pt-BR\",\"potentialAction\":[{\"@type\":\"CommentAction\",\"name\":\"Comment\",\"target\":[\"https:\/\/www.expoforest.com.br\/2023\/novidades-em-mogno-africano\/#respond\"]}]},{\"@type\":\"WebPage\",\"@id\":\"https:\/\/www.expoforest.com.br\/2023\/novidades-em-mogno-africano\/\",\"url\":\"https:\/\/www.expoforest.com.br\/2023\/novidades-em-mogno-africano\/\",\"name\":\"NOVIDADES EM MOGNO AFRICANO - Expoforest\",\"isPartOf\":{\"@id\":\"https:\/\/www.expoforest.com.br\/2023\/#website\"},\"primaryImageOfPage\":{\"@id\":\"https:\/\/www.expoforest.com.br\/2023\/novidades-em-mogno-africano\/#primaryimage\"},\"image\":{\"@id\":\"https:\/\/www.expoforest.com.br\/2023\/novidades-em-mogno-africano\/#primaryimage\"},\"thumbnailUrl\":\"https:\/\/www.expoforest.com.br\/2023\/wp-content\/uploads\/2018\/03\/Khaya-Senegalensis.jpg\",\"datePublished\":\"2018-03-28T14:31:04+00:00\",\"breadcrumb\":{\"@id\":\"https:\/\/www.expoforest.com.br\/2023\/novidades-em-mogno-africano\/#breadcrumb\"},\"inLanguage\":\"pt-BR\",\"potentialAction\":[{\"@type\":\"ReadAction\",\"target\":[\"https:\/\/www.expoforest.com.br\/2023\/novidades-em-mogno-africano\/\"]}]},{\"@type\":\"ImageObject\",\"inLanguage\":\"pt-BR\",\"@id\":\"https:\/\/www.expoforest.com.br\/2023\/novidades-em-mogno-africano\/#primaryimage\",\"url\":\"https:\/\/www.expoforest.com.br\/2023\/wp-content\/uploads\/2018\/03\/Khaya-Senegalensis.jpg\",\"contentUrl\":\"https:\/\/www.expoforest.com.br\/2023\/wp-content\/uploads\/2018\/03\/Khaya-Senegalensis.jpg\",\"width\":800,\"height\":600},{\"@type\":\"BreadcrumbList\",\"@id\":\"https:\/\/www.expoforest.com.br\/2023\/novidades-em-mogno-africano\/#breadcrumb\",\"itemListElement\":[{\"@type\":\"ListItem\",\"position\":1,\"name\":\"In\u00edcio\",\"item\":\"https:\/\/www.expoforest.com.br\/2023\/\"},{\"@type\":\"ListItem\",\"position\":2,\"name\":\"NOVIDADES EM MOGNO AFRICANO\"}]},{\"@type\":\"WebSite\",\"@id\":\"https:\/\/www.expoforest.com.br\/2023\/#website\",\"url\":\"https:\/\/www.expoforest.com.br\/2023\/\",\"name\":\"Expoforest 2023\",\"description\":\"\",\"publisher\":{\"@id\":\"https:\/\/www.expoforest.com.br\/2023\/#organization\"},\"potentialAction\":[{\"@type\":\"SearchAction\",\"target\":{\"@type\":\"EntryPoint\",\"urlTemplate\":\"https:\/\/www.expoforest.com.br\/2023\/?s={search_term_string}\"},\"query-input\":{\"@type\":\"PropertyValueSpecification\",\"valueRequired\":true,\"valueName\":\"search_term_string\"}}],\"inLanguage\":\"pt-BR\"},{\"@type\":\"Organization\",\"@id\":\"https:\/\/www.expoforest.com.br\/2023\/#organization\",\"name\":\"Expoforest 2023\",\"url\":\"https:\/\/www.expoforest.com.br\/2023\/\",\"logo\":{\"@type\":\"ImageObject\",\"inLanguage\":\"pt-BR\",\"@id\":\"https:\/\/www.expoforest.com.br\/2023\/#\/schema\/logo\/image\/\",\"url\":\"https:\/\/expoforest.com.br\/wp-content\/uploads\/2023\/02\/avatar.jpg\",\"contentUrl\":\"https:\/\/expoforest.com.br\/wp-content\/uploads\/2023\/02\/avatar.jpg\",\"width\":1080,\"height\":1080,\"caption\":\"Expoforest 2023\"},\"image\":{\"@id\":\"https:\/\/www.expoforest.com.br\/2023\/#\/schema\/logo\/image\/\"}},{\"@type\":\"Person\",\"@id\":\"https:\/\/www.expoforest.com.br\/2023\/#\/schema\/person\/8d0d6da75e47a9625367fd168d6193ed\",\"name\":\"Expoforest\",\"url\":\"https:\/\/www.expoforest.com.br\/2023\/author\/expoforest\/\"}]}<\/script>\n<!-- \/ Yoast SEO plugin. -->","yoast_head_json":{"title":"NOVIDADES EM MOGNO AFRICANO - Expoforest","robots":{"index":"index","follow":"follow","max-snippet":"max-snippet:-1","max-image-preview":"max-image-preview:large","max-video-preview":"max-video-preview:-1"},"canonical":"https:\/\/www.expoforest.com.br\/2023\/novidades-em-mogno-africano\/","og_locale":"pt_BR","og_type":"article","og_title":"NOVIDADES EM MOGNO AFRICANO - Expoforest","og_description":"Apesar de representarem a imensa maioria das florestas plantadas no Brasil, as esp\u00e9cies dos g\u00eaneros Eucalyptus e Pinus n\u00e3o s\u00e3o as \u00fanicas que podem se beneficiar das excelentes condi\u00e7\u00f5es edafoclim\u00e1ticas do pa\u00eds. De fato, o mercado de madeiras nobres (como o mogno africano, cedro australiano e a teca) d\u00e1 sinais de grande rentabilidade e deve [&hellip;]","og_url":"https:\/\/www.expoforest.com.br\/2023\/novidades-em-mogno-africano\/","og_site_name":"Expoforest","article_published_time":"2018-03-28T14:31:04+00:00","og_image":[{"width":800,"height":600,"url":"https:\/\/www.expoforest.com.br\/2023\/wp-content\/uploads\/2018\/03\/Khaya-Senegalensis.jpg","type":"image\/jpeg"}],"author":"Expoforest","twitter_card":"summary_large_image","twitter_misc":{"Escrito por":"Expoforest","Est. tempo de leitura":"2 minutos"},"schema":{"@context":"https:\/\/schema.org","@graph":[{"@type":"Article","@id":"https:\/\/www.expoforest.com.br\/2023\/novidades-em-mogno-africano\/#article","isPartOf":{"@id":"https:\/\/www.expoforest.com.br\/2023\/novidades-em-mogno-africano\/"},"author":{"name":"Expoforest","@id":"https:\/\/www.expoforest.com.br\/2023\/#\/schema\/person\/8d0d6da75e47a9625367fd168d6193ed"},"headline":"NOVIDADES EM MOGNO AFRICANO","datePublished":"2018-03-28T14:31:04+00:00","mainEntityOfPage":{"@id":"https:\/\/www.expoforest.com.br\/2023\/novidades-em-mogno-africano\/"},"wordCount":313,"commentCount":0,"publisher":{"@id":"https:\/\/www.expoforest.com.br\/2023\/#organization"},"image":{"@id":"https:\/\/www.expoforest.com.br\/2023\/novidades-em-mogno-africano\/#primaryimage"},"thumbnailUrl":"https:\/\/www.expoforest.com.br\/2023\/wp-content\/uploads\/2018\/03\/Khaya-Senegalensis.jpg","keywords":["Expoforest 2018","Feira florestal brasileira","IBF","Instituto Brasileiro de Florestas","Khaya Senegalensis","Madeira Nobre","Mogno Africano"],"articleSection":{"1":"Sobre a Feira"},"inLanguage":"pt-BR","potentialAction":[{"@type":"CommentAction","name":"Comment","target":["https:\/\/www.expoforest.com.br\/2023\/novidades-em-mogno-africano\/#respond"]}]},{"@type":"WebPage","@id":"https:\/\/www.expoforest.com.br\/2023\/novidades-em-mogno-africano\/","url":"https:\/\/www.expoforest.com.br\/2023\/novidades-em-mogno-africano\/","name":"NOVIDADES EM MOGNO AFRICANO - Expoforest","isPartOf":{"@id":"https:\/\/www.expoforest.com.br\/2023\/#website"},"primaryImageOfPage":{"@id":"https:\/\/www.expoforest.com.br\/2023\/novidades-em-mogno-africano\/#primaryimage"},"image":{"@id":"https:\/\/www.expoforest.com.br\/2023\/novidades-em-mogno-africano\/#primaryimage"},"thumbnailUrl":"https:\/\/www.expoforest.com.br\/2023\/wp-content\/uploads\/2018\/03\/Khaya-Senegalensis.jpg","datePublished":"2018-03-28T14:31:04+00:00","breadcrumb":{"@id":"https:\/\/www.expoforest.com.br\/2023\/novidades-em-mogno-africano\/#breadcrumb"},"inLanguage":"pt-BR","potentialAction":[{"@type":"ReadAction","target":["https:\/\/www.expoforest.com.br\/2023\/novidades-em-mogno-africano\/"]}]},{"@type":"ImageObject","inLanguage":"pt-BR","@id":"https:\/\/www.expoforest.com.br\/2023\/novidades-em-mogno-africano\/#primaryimage","url":"https:\/\/www.expoforest.com.br\/2023\/wp-content\/uploads\/2018\/03\/Khaya-Senegalensis.jpg","contentUrl":"https:\/\/www.expoforest.com.br\/2023\/wp-content\/uploads\/2018\/03\/Khaya-Senegalensis.jpg","width":800,"height":600},{"@type":"BreadcrumbList","@id":"https:\/\/www.expoforest.com.br\/2023\/novidades-em-mogno-africano\/#breadcrumb","itemListElement":[{"@type":"ListItem","position":1,"name":"In\u00edcio","item":"https:\/\/www.expoforest.com.br\/2023\/"},{"@type":"ListItem","position":2,"name":"NOVIDADES EM MOGNO AFRICANO"}]},{"@type":"WebSite","@id":"https:\/\/www.expoforest.com.br\/2023\/#website","url":"https:\/\/www.expoforest.com.br\/2023\/","name":"Expoforest 2023","description":"","publisher":{"@id":"https:\/\/www.expoforest.com.br\/2023\/#organization"},"potentialAction":[{"@type":"SearchAction","target":{"@type":"EntryPoint","urlTemplate":"https:\/\/www.expoforest.com.br\/2023\/?s={search_term_string}"},"query-input":{"@type":"PropertyValueSpecification","valueRequired":true,"valueName":"search_term_string"}}],"inLanguage":"pt-BR"},{"@type":"Organization","@id":"https:\/\/www.expoforest.com.br\/2023\/#organization","name":"Expoforest 2023","url":"https:\/\/www.expoforest.com.br\/2023\/","logo":{"@type":"ImageObject","inLanguage":"pt-BR","@id":"https:\/\/www.expoforest.com.br\/2023\/#\/schema\/logo\/image\/","url":"https:\/\/expoforest.com.br\/wp-content\/uploads\/2023\/02\/avatar.jpg","contentUrl":"https:\/\/expoforest.com.br\/wp-content\/uploads\/2023\/02\/avatar.jpg","width":1080,"height":1080,"caption":"Expoforest 2023"},"image":{"@id":"https:\/\/www.expoforest.com.br\/2023\/#\/schema\/logo\/image\/"}},{"@type":"Person","@id":"https:\/\/www.expoforest.com.br\/2023\/#\/schema\/person\/8d0d6da75e47a9625367fd168d6193ed","name":"Expoforest","url":"https:\/\/www.expoforest.com.br\/2023\/author\/expoforest\/"}]}},"_links":{"self":[{"href":"https:\/\/www.expoforest.com.br\/2023\/wp-json\/wp\/v2\/posts\/6751","targetHints":{"allow":["GET"]}}],"collection":[{"href":"https:\/\/www.expoforest.com.br\/2023\/wp-json\/wp\/v2\/posts"}],"about":[{"href":"https:\/\/www.expoforest.com.br\/2023\/wp-json\/wp\/v2\/types\/post"}],"author":[{"embeddable":true,"href":"https:\/\/www.expoforest.com.br\/2023\/wp-json\/wp\/v2\/users\/3"}],"replies":[{"embeddable":true,"href":"https:\/\/www.expoforest.com.br\/2023\/wp-json\/wp\/v2\/comments?post=6751"}],"version-history":[{"count":0,"href":"https:\/\/www.expoforest.com.br\/2023\/wp-json\/wp\/v2\/posts\/6751\/revisions"}],"wp:featuredmedia":[{"embeddable":true,"href":"https:\/\/www.expoforest.com.br\/2023\/wp-json\/wp\/v2\/media\/6752"}],"wp:attachment":[{"href":"https:\/\/www.expoforest.com.br\/2023\/wp-json\/wp\/v2\/media?parent=6751"}],"wp:term":[{"taxonomy":"category","embeddable":true,"href":"https:\/\/www.expoforest.com.br\/2023\/wp-json\/wp\/v2\/categories?post=6751"},{"taxonomy":"post_tag","embeddable":true,"href":"https:\/\/www.expoforest.com.br\/2023\/wp-json\/wp\/v2\/tags?post=6751"}],"curies":[{"name":"wp","href":"https:\/\/api.w.org\/{rel}","templated":true}]}}