{"id":5815,"date":"2018-03-08T10:39:37","date_gmt":"2018-03-08T13:39:37","guid":{"rendered":"https:\/\/expoforest.com.br\/?p=5815"},"modified":"2018-03-08T10:39:37","modified_gmt":"2018-03-08T13:39:37","slug":"o-potencial-do-cedro-australiano","status":"publish","type":"post","link":"https:\/\/www.expoforest.com.br\/2023\/o-potencial-do-cedro-australiano\/","title":{"rendered":"O Potencial do Cedro Australiano"},"content":{"rendered":"<p>Embora dominem o mercado nacional, os plantios de eucalipto e pinus n\u00e3o representam todo o potencial do setor brasileiro de florestas plantadas. Nossas condi\u00e7\u00f5es edafoclim\u00e1ticas particulares permitem o cultivo produtivo de muitas outras esp\u00e9cies. O cedro australiano (<em>Toona ciliata<\/em>) \u00e9 um \u00f3timo exemplo que est\u00e1 sendo amplamente trabalhado pela Bela Vista Florestal.<\/p>\n<p>\u201cEntendemos que a Expoforest \u00e9 a grande vitrine do setor florestal na Am\u00e9rica do Sul. O melhor canal para divulgarmos pessoalmente nosso produto cedro australiano e demostrar a qualidade superior do material gen\u00e9tico desenvolvido pela Bela Vista Florestal\u201d, avalia Ricardo Vilela, diretor da Bela Vista Florestal.<\/p>\n<p>Durante a Expoforest, a empresa vai apresentar as cultivares protegidas de cedro australiano. \u201cEsses s\u00e3o materiais altamente produtivos, que s\u00e3o frutos do mais completo trabalho feito com a fam\u00edlia das meli\u00e1ceas, composta pelos cedros e mognos, em todo o mundo\u201d, detalhou Ricardo. Os visitantes tamb\u00e9m poder\u00e3o conhecer a nova configura\u00e7\u00e3o da empresa, que separou pesquisa e produ\u00e7\u00e3o de material gen\u00e9tico para fornecimento de mudas, do servi\u00e7o de assist\u00eancia t\u00e9cnica que auxilia o produtor do plantio \u00e0 colheita de madeira de alta qualidade.<\/p>\n<p>A Bela Vista Florestal estar\u00e1 presente na Expoforest nos estandes 16 e 18, localizados na \u00e1rea est\u00e1tica da feira. A Feira acontece entre os dias 11 e 13 de abril, em Santa Rita do Passa Quatro (SP) das 09h00 \u00e0s 17h00.<\/p>\n","protected":false},"excerpt":{"rendered":"<p>Embora dominem o mercado nacional, os plantios de eucalipto e pinus n\u00e3o representam todo o potencial do setor brasileiro de florestas plantadas. Nossas condi\u00e7\u00f5es edafoclim\u00e1ticas particulares permitem o cultivo produtivo de muitas outras esp\u00e9cies. O cedro australiano (Toona ciliata) \u00e9 um \u00f3timo exemplo que est\u00e1 sendo amplamente trabalhado pela Bela Vista Florestal. \u201cEntendemos que a [&hellip;]<\/p>\n","protected":false},"author":3,"featured_media":5816,"comment_status":"open","ping_status":"open","sticky":false,"template":"","format":"standard","meta":{"_acf_changed":false,"footnotes":""},"categories":[1],"tags":[],"class_list":["post-5815","post","type-post","status-publish","format-standard","has-post-thumbnail","hentry","category-sem-categoria"],"acf":[],"yoast_head":"<!-- This site is optimized with the Yoast SEO plugin v26.9 - https:\/\/yoast.com\/product\/yoast-seo-wordpress\/ -->\n<title>O Potencial do Cedro Australiano - Expoforest<\/title>\n<meta name=\"robots\" content=\"index, follow, max-snippet:-1, max-image-preview:large, max-video-preview:-1\" \/>\n<link rel=\"canonical\" href=\"https:\/\/www.expoforest.com.br\/2023\/o-potencial-do-cedro-australiano\/\" \/>\n<meta property=\"og:locale\" content=\"pt_BR\" \/>\n<meta property=\"og:type\" content=\"article\" \/>\n<meta property=\"og:title\" content=\"O Potencial do Cedro Australiano - Expoforest\" \/>\n<meta property=\"og:description\" content=\"Embora dominem o mercado nacional, os plantios de eucalipto e pinus n\u00e3o representam todo o potencial do setor brasileiro de florestas plantadas. Nossas condi\u00e7\u00f5es edafoclim\u00e1ticas particulares permitem o cultivo produtivo de muitas outras esp\u00e9cies. O cedro australiano (Toona ciliata) \u00e9 um \u00f3timo exemplo que est\u00e1 sendo amplamente trabalhado pela Bela Vista Florestal. \u201cEntendemos que a [&hellip;]\" \/>\n<meta property=\"og:url\" content=\"https:\/\/www.expoforest.com.br\/2023\/o-potencial-do-cedro-australiano\/\" \/>\n<meta property=\"og:site_name\" content=\"Expoforest\" \/>\n<meta property=\"article:published_time\" content=\"2018-03-08T13:39:37+00:00\" \/>\n<meta property=\"og:image\" content=\"https:\/\/www.expoforest.com.br\/2023\/wp-content\/uploads\/2018\/03\/Bela-Vista-scaled.jpg\" \/>\n\t<meta property=\"og:image:width\" content=\"1920\" \/>\n\t<meta property=\"og:image:height\" content=\"2560\" \/>\n\t<meta property=\"og:image:type\" content=\"image\/jpeg\" \/>\n<meta name=\"author\" content=\"Expoforest\" \/>\n<meta name=\"twitter:card\" content=\"summary_large_image\" \/>\n<meta name=\"twitter:label1\" content=\"Escrito por\" \/>\n\t<meta name=\"twitter:data1\" content=\"Expoforest\" \/>\n\t<meta name=\"twitter:label2\" content=\"Est. tempo de leitura\" \/>\n\t<meta name=\"twitter:data2\" content=\"1 minuto\" \/>\n<script type=\"application\/ld+json\" class=\"yoast-schema-graph\">{\"@context\":\"https:\/\/schema.org\",\"@graph\":[{\"@type\":\"Article\",\"@id\":\"https:\/\/www.expoforest.com.br\/2023\/o-potencial-do-cedro-australiano\/#article\",\"isPartOf\":{\"@id\":\"https:\/\/www.expoforest.com.br\/2023\/o-potencial-do-cedro-australiano\/\"},\"author\":{\"name\":\"Expoforest\",\"@id\":\"https:\/\/www.expoforest.com.br\/2023\/#\/schema\/person\/8d0d6da75e47a9625367fd168d6193ed\"},\"headline\":\"O Potencial do Cedro Australiano\",\"datePublished\":\"2018-03-08T13:39:37+00:00\",\"mainEntityOfPage\":{\"@id\":\"https:\/\/www.expoforest.com.br\/2023\/o-potencial-do-cedro-australiano\/\"},\"wordCount\":238,\"commentCount\":0,\"publisher\":{\"@id\":\"https:\/\/www.expoforest.com.br\/2023\/#organization\"},\"image\":{\"@id\":\"https:\/\/www.expoforest.com.br\/2023\/o-potencial-do-cedro-australiano\/#primaryimage\"},\"thumbnailUrl\":\"https:\/\/www.expoforest.com.br\/2023\/wp-content\/uploads\/2018\/03\/Bela-Vista-scaled.jpg\",\"inLanguage\":\"pt-BR\",\"potentialAction\":[{\"@type\":\"CommentAction\",\"name\":\"Comment\",\"target\":[\"https:\/\/www.expoforest.com.br\/2023\/o-potencial-do-cedro-australiano\/#respond\"]}]},{\"@type\":\"WebPage\",\"@id\":\"https:\/\/www.expoforest.com.br\/2023\/o-potencial-do-cedro-australiano\/\",\"url\":\"https:\/\/www.expoforest.com.br\/2023\/o-potencial-do-cedro-australiano\/\",\"name\":\"O Potencial do Cedro Australiano - Expoforest\",\"isPartOf\":{\"@id\":\"https:\/\/www.expoforest.com.br\/2023\/#website\"},\"primaryImageOfPage\":{\"@id\":\"https:\/\/www.expoforest.com.br\/2023\/o-potencial-do-cedro-australiano\/#primaryimage\"},\"image\":{\"@id\":\"https:\/\/www.expoforest.com.br\/2023\/o-potencial-do-cedro-australiano\/#primaryimage\"},\"thumbnailUrl\":\"https:\/\/www.expoforest.com.br\/2023\/wp-content\/uploads\/2018\/03\/Bela-Vista-scaled.jpg\",\"datePublished\":\"2018-03-08T13:39:37+00:00\",\"breadcrumb\":{\"@id\":\"https:\/\/www.expoforest.com.br\/2023\/o-potencial-do-cedro-australiano\/#breadcrumb\"},\"inLanguage\":\"pt-BR\",\"potentialAction\":[{\"@type\":\"ReadAction\",\"target\":[\"https:\/\/www.expoforest.com.br\/2023\/o-potencial-do-cedro-australiano\/\"]}]},{\"@type\":\"ImageObject\",\"inLanguage\":\"pt-BR\",\"@id\":\"https:\/\/www.expoforest.com.br\/2023\/o-potencial-do-cedro-australiano\/#primaryimage\",\"url\":\"https:\/\/www.expoforest.com.br\/2023\/wp-content\/uploads\/2018\/03\/Bela-Vista-scaled.jpg\",\"contentUrl\":\"https:\/\/www.expoforest.com.br\/2023\/wp-content\/uploads\/2018\/03\/Bela-Vista-scaled.jpg\",\"width\":1920,\"height\":2560},{\"@type\":\"BreadcrumbList\",\"@id\":\"https:\/\/www.expoforest.com.br\/2023\/o-potencial-do-cedro-australiano\/#breadcrumb\",\"itemListElement\":[{\"@type\":\"ListItem\",\"position\":1,\"name\":\"In\u00edcio\",\"item\":\"https:\/\/www.expoforest.com.br\/2023\/\"},{\"@type\":\"ListItem\",\"position\":2,\"name\":\"O Potencial do Cedro Australiano\"}]},{\"@type\":\"WebSite\",\"@id\":\"https:\/\/www.expoforest.com.br\/2023\/#website\",\"url\":\"https:\/\/www.expoforest.com.br\/2023\/\",\"name\":\"Expoforest 2023\",\"description\":\"\",\"publisher\":{\"@id\":\"https:\/\/www.expoforest.com.br\/2023\/#organization\"},\"potentialAction\":[{\"@type\":\"SearchAction\",\"target\":{\"@type\":\"EntryPoint\",\"urlTemplate\":\"https:\/\/www.expoforest.com.br\/2023\/?s={search_term_string}\"},\"query-input\":{\"@type\":\"PropertyValueSpecification\",\"valueRequired\":true,\"valueName\":\"search_term_string\"}}],\"inLanguage\":\"pt-BR\"},{\"@type\":\"Organization\",\"@id\":\"https:\/\/www.expoforest.com.br\/2023\/#organization\",\"name\":\"Expoforest 2023\",\"url\":\"https:\/\/www.expoforest.com.br\/2023\/\",\"logo\":{\"@type\":\"ImageObject\",\"inLanguage\":\"pt-BR\",\"@id\":\"https:\/\/www.expoforest.com.br\/2023\/#\/schema\/logo\/image\/\",\"url\":\"https:\/\/expoforest.com.br\/wp-content\/uploads\/2023\/02\/avatar.jpg\",\"contentUrl\":\"https:\/\/expoforest.com.br\/wp-content\/uploads\/2023\/02\/avatar.jpg\",\"width\":1080,\"height\":1080,\"caption\":\"Expoforest 2023\"},\"image\":{\"@id\":\"https:\/\/www.expoforest.com.br\/2023\/#\/schema\/logo\/image\/\"}},{\"@type\":\"Person\",\"@id\":\"https:\/\/www.expoforest.com.br\/2023\/#\/schema\/person\/8d0d6da75e47a9625367fd168d6193ed\",\"name\":\"Expoforest\",\"url\":\"https:\/\/www.expoforest.com.br\/2023\/author\/expoforest\/\"}]}<\/script>\n<!-- \/ Yoast SEO plugin. -->","yoast_head_json":{"title":"O Potencial do Cedro Australiano - Expoforest","robots":{"index":"index","follow":"follow","max-snippet":"max-snippet:-1","max-image-preview":"max-image-preview:large","max-video-preview":"max-video-preview:-1"},"canonical":"https:\/\/www.expoforest.com.br\/2023\/o-potencial-do-cedro-australiano\/","og_locale":"pt_BR","og_type":"article","og_title":"O Potencial do Cedro Australiano - Expoforest","og_description":"Embora dominem o mercado nacional, os plantios de eucalipto e pinus n\u00e3o representam todo o potencial do setor brasileiro de florestas plantadas. Nossas condi\u00e7\u00f5es edafoclim\u00e1ticas particulares permitem o cultivo produtivo de muitas outras esp\u00e9cies. O cedro australiano (Toona ciliata) \u00e9 um \u00f3timo exemplo que est\u00e1 sendo amplamente trabalhado pela Bela Vista Florestal. \u201cEntendemos que a [&hellip;]","og_url":"https:\/\/www.expoforest.com.br\/2023\/o-potencial-do-cedro-australiano\/","og_site_name":"Expoforest","article_published_time":"2018-03-08T13:39:37+00:00","og_image":[{"width":1920,"height":2560,"url":"https:\/\/www.expoforest.com.br\/2023\/wp-content\/uploads\/2018\/03\/Bela-Vista-scaled.jpg","type":"image\/jpeg"}],"author":"Expoforest","twitter_card":"summary_large_image","twitter_misc":{"Escrito por":"Expoforest","Est. tempo de leitura":"1 minuto"},"schema":{"@context":"https:\/\/schema.org","@graph":[{"@type":"Article","@id":"https:\/\/www.expoforest.com.br\/2023\/o-potencial-do-cedro-australiano\/#article","isPartOf":{"@id":"https:\/\/www.expoforest.com.br\/2023\/o-potencial-do-cedro-australiano\/"},"author":{"name":"Expoforest","@id":"https:\/\/www.expoforest.com.br\/2023\/#\/schema\/person\/8d0d6da75e47a9625367fd168d6193ed"},"headline":"O Potencial do Cedro Australiano","datePublished":"2018-03-08T13:39:37+00:00","mainEntityOfPage":{"@id":"https:\/\/www.expoforest.com.br\/2023\/o-potencial-do-cedro-australiano\/"},"wordCount":238,"commentCount":0,"publisher":{"@id":"https:\/\/www.expoforest.com.br\/2023\/#organization"},"image":{"@id":"https:\/\/www.expoforest.com.br\/2023\/o-potencial-do-cedro-australiano\/#primaryimage"},"thumbnailUrl":"https:\/\/www.expoforest.com.br\/2023\/wp-content\/uploads\/2018\/03\/Bela-Vista-scaled.jpg","inLanguage":"pt-BR","potentialAction":[{"@type":"CommentAction","name":"Comment","target":["https:\/\/www.expoforest.com.br\/2023\/o-potencial-do-cedro-australiano\/#respond"]}]},{"@type":"WebPage","@id":"https:\/\/www.expoforest.com.br\/2023\/o-potencial-do-cedro-australiano\/","url":"https:\/\/www.expoforest.com.br\/2023\/o-potencial-do-cedro-australiano\/","name":"O Potencial do Cedro Australiano - Expoforest","isPartOf":{"@id":"https:\/\/www.expoforest.com.br\/2023\/#website"},"primaryImageOfPage":{"@id":"https:\/\/www.expoforest.com.br\/2023\/o-potencial-do-cedro-australiano\/#primaryimage"},"image":{"@id":"https:\/\/www.expoforest.com.br\/2023\/o-potencial-do-cedro-australiano\/#primaryimage"},"thumbnailUrl":"https:\/\/www.expoforest.com.br\/2023\/wp-content\/uploads\/2018\/03\/Bela-Vista-scaled.jpg","datePublished":"2018-03-08T13:39:37+00:00","breadcrumb":{"@id":"https:\/\/www.expoforest.com.br\/2023\/o-potencial-do-cedro-australiano\/#breadcrumb"},"inLanguage":"pt-BR","potentialAction":[{"@type":"ReadAction","target":["https:\/\/www.expoforest.com.br\/2023\/o-potencial-do-cedro-australiano\/"]}]},{"@type":"ImageObject","inLanguage":"pt-BR","@id":"https:\/\/www.expoforest.com.br\/2023\/o-potencial-do-cedro-australiano\/#primaryimage","url":"https:\/\/www.expoforest.com.br\/2023\/wp-content\/uploads\/2018\/03\/Bela-Vista-scaled.jpg","contentUrl":"https:\/\/www.expoforest.com.br\/2023\/wp-content\/uploads\/2018\/03\/Bela-Vista-scaled.jpg","width":1920,"height":2560},{"@type":"BreadcrumbList","@id":"https:\/\/www.expoforest.com.br\/2023\/o-potencial-do-cedro-australiano\/#breadcrumb","itemListElement":[{"@type":"ListItem","position":1,"name":"In\u00edcio","item":"https:\/\/www.expoforest.com.br\/2023\/"},{"@type":"ListItem","position":2,"name":"O Potencial do Cedro Australiano"}]},{"@type":"WebSite","@id":"https:\/\/www.expoforest.com.br\/2023\/#website","url":"https:\/\/www.expoforest.com.br\/2023\/","name":"Expoforest 2023","description":"","publisher":{"@id":"https:\/\/www.expoforest.com.br\/2023\/#organization"},"potentialAction":[{"@type":"SearchAction","target":{"@type":"EntryPoint","urlTemplate":"https:\/\/www.expoforest.com.br\/2023\/?s={search_term_string}"},"query-input":{"@type":"PropertyValueSpecification","valueRequired":true,"valueName":"search_term_string"}}],"inLanguage":"pt-BR"},{"@type":"Organization","@id":"https:\/\/www.expoforest.com.br\/2023\/#organization","name":"Expoforest 2023","url":"https:\/\/www.expoforest.com.br\/2023\/","logo":{"@type":"ImageObject","inLanguage":"pt-BR","@id":"https:\/\/www.expoforest.com.br\/2023\/#\/schema\/logo\/image\/","url":"https:\/\/expoforest.com.br\/wp-content\/uploads\/2023\/02\/avatar.jpg","contentUrl":"https:\/\/expoforest.com.br\/wp-content\/uploads\/2023\/02\/avatar.jpg","width":1080,"height":1080,"caption":"Expoforest 2023"},"image":{"@id":"https:\/\/www.expoforest.com.br\/2023\/#\/schema\/logo\/image\/"}},{"@type":"Person","@id":"https:\/\/www.expoforest.com.br\/2023\/#\/schema\/person\/8d0d6da75e47a9625367fd168d6193ed","name":"Expoforest","url":"https:\/\/www.expoforest.com.br\/2023\/author\/expoforest\/"}]}},"_links":{"self":[{"href":"https:\/\/www.expoforest.com.br\/2023\/wp-json\/wp\/v2\/posts\/5815","targetHints":{"allow":["GET"]}}],"collection":[{"href":"https:\/\/www.expoforest.com.br\/2023\/wp-json\/wp\/v2\/posts"}],"about":[{"href":"https:\/\/www.expoforest.com.br\/2023\/wp-json\/wp\/v2\/types\/post"}],"author":[{"embeddable":true,"href":"https:\/\/www.expoforest.com.br\/2023\/wp-json\/wp\/v2\/users\/3"}],"replies":[{"embeddable":true,"href":"https:\/\/www.expoforest.com.br\/2023\/wp-json\/wp\/v2\/comments?post=5815"}],"version-history":[{"count":0,"href":"https:\/\/www.expoforest.com.br\/2023\/wp-json\/wp\/v2\/posts\/5815\/revisions"}],"wp:featuredmedia":[{"embeddable":true,"href":"https:\/\/www.expoforest.com.br\/2023\/wp-json\/wp\/v2\/media\/5816"}],"wp:attachment":[{"href":"https:\/\/www.expoforest.com.br\/2023\/wp-json\/wp\/v2\/media?parent=5815"}],"wp:term":[{"taxonomy":"category","embeddable":true,"href":"https:\/\/www.expoforest.com.br\/2023\/wp-json\/wp\/v2\/categories?post=5815"},{"taxonomy":"post_tag","embeddable":true,"href":"https:\/\/www.expoforest.com.br\/2023\/wp-json\/wp\/v2\/tags?post=5815"}],"curies":[{"name":"wp","href":"https:\/\/api.w.org\/{rel}","templated":true}]}}