{"id":5324,"date":"2018-02-21T18:38:49","date_gmt":"2018-02-21T21:38:49","guid":{"rendered":"https:\/\/expoforest.com.br\/?p=5324"},"modified":"2018-02-21T18:38:49","modified_gmt":"2018-02-21T21:38:49","slug":"do-florestal-ao-agro","status":"publish","type":"post","link":"https:\/\/www.expoforest.com.br\/2023\/do-florestal-ao-agro\/","title":{"rendered":"Do Florestal ao Agro"},"content":{"rendered":"<p>A convers\u00e3o de terras florestais onde as florestas plantadas no local j\u00e1 foram<br \/>\ncolhidas com sucesso em terreno utiliz\u00e1vel para a agricultura \u00e9 uma alternativa<br \/>\nvi\u00e1vel e sustent\u00e1vel para rentabilizar o uso dessa terra. O desafio para a convers\u00e3o<br \/>\ndo florestal ao agro \u00e9 o preparo de solo, pois os setores apresentam suas pr\u00f3prias<br \/>\nnecessidades.<br \/>\nOpera\u00e7\u00f5es como destoca e limpeza da \u00e1rea precisam ser realizadas com precis\u00e3o e<br \/>\nrapidez. Para isso, equipamentos especializados s\u00e3o cruciais, como \u00e9 o caso do<br \/>\nSavannah, utilizado por diversas empresas de base florestal no Brasil e que estar\u00e1<br \/>\npresente na Expoforest 2018.<br \/>\n\u201cA Expoforest \u00e9 um evento muito interessante, contando com a presen\u00e7a dos<br \/>\nprotagonistas mais importantes do setor, reunidos em um s\u00f3 evento ou na s\u00e9rie de<br \/>\neventos relacionados \u00e0 feira\u201d, resume John Yanez, da Savannah Global Agro-<br \/>\nForestry Solutions.<br \/>\nComo expositora da feira, a empresa apresentar\u00e1 seu sistema de destoca e limpeza<br \/>\nde \u00e1rea para convers\u00e3o de uso florestal ao agr\u00edcola, que atinge produtividade de 2<br \/>\nha por hora de trabalho tanto em destoca quanto em limpeza.<br \/>\nA Savannah estar\u00e1 presente no estande 94 da \u00e1rea est\u00e1tica da Expoforest 2018. A<br \/>\nfeira acontece entre os dias 11 e 13 de abril, em Santa Rita do Passa Quatro (SP)<br \/>\ndas 09h00 \u00e0s 17h00.<\/p>\n","protected":false},"excerpt":{"rendered":"<p>A convers\u00e3o de terras florestais onde as florestas plantadas no local j\u00e1 foram colhidas com sucesso em terreno utiliz\u00e1vel para a agricultura \u00e9 uma alternativa vi\u00e1vel e sustent\u00e1vel para rentabilizar o uso dessa terra. O desafio para a convers\u00e3o do florestal ao agro \u00e9 o preparo de solo, pois os setores apresentam suas pr\u00f3prias necessidades. [&hellip;]<\/p>\n","protected":false},"author":3,"featured_media":5325,"comment_status":"open","ping_status":"open","sticky":false,"template":"","format":"standard","meta":{"_acf_changed":false,"footnotes":""},"categories":[1],"tags":[],"class_list":["post-5324","post","type-post","status-publish","format-standard","has-post-thumbnail","hentry","category-sem-categoria"],"acf":[],"yoast_head":"<!-- This site is optimized with the Yoast SEO plugin v26.9 - https:\/\/yoast.com\/product\/yoast-seo-wordpress\/ -->\n<title>Do Florestal ao Agro - Expoforest<\/title>\n<meta name=\"robots\" content=\"index, follow, max-snippet:-1, max-image-preview:large, max-video-preview:-1\" \/>\n<link rel=\"canonical\" href=\"https:\/\/www.expoforest.com.br\/2023\/do-florestal-ao-agro\/\" \/>\n<meta property=\"og:locale\" content=\"pt_BR\" \/>\n<meta property=\"og:type\" content=\"article\" \/>\n<meta property=\"og:title\" content=\"Do Florestal ao Agro - Expoforest\" \/>\n<meta property=\"og:description\" content=\"A convers\u00e3o de terras florestais onde as florestas plantadas no local j\u00e1 foram colhidas com sucesso em terreno utiliz\u00e1vel para a agricultura \u00e9 uma alternativa vi\u00e1vel e sustent\u00e1vel para rentabilizar o uso dessa terra. O desafio para a convers\u00e3o do florestal ao agro \u00e9 o preparo de solo, pois os setores apresentam suas pr\u00f3prias necessidades. [&hellip;]\" \/>\n<meta property=\"og:url\" content=\"https:\/\/www.expoforest.com.br\/2023\/do-florestal-ao-agro\/\" \/>\n<meta property=\"og:site_name\" content=\"Expoforest\" \/>\n<meta property=\"article:published_time\" content=\"2018-02-21T21:38:49+00:00\" \/>\n<meta property=\"og:image\" content=\"https:\/\/www.expoforest.com.br\/2023\/wp-content\/uploads\/2018\/02\/Savannah.jpg\" \/>\n\t<meta property=\"og:image:width\" content=\"1086\" \/>\n\t<meta property=\"og:image:height\" content=\"724\" \/>\n\t<meta property=\"og:image:type\" content=\"image\/jpeg\" \/>\n<meta name=\"author\" content=\"Expoforest\" \/>\n<meta name=\"twitter:card\" content=\"summary_large_image\" \/>\n<meta name=\"twitter:label1\" content=\"Escrito por\" \/>\n\t<meta name=\"twitter:data1\" content=\"Expoforest\" \/>\n\t<meta name=\"twitter:label2\" content=\"Est. tempo de leitura\" \/>\n\t<meta name=\"twitter:data2\" content=\"1 minuto\" \/>\n<script type=\"application\/ld+json\" class=\"yoast-schema-graph\">{\"@context\":\"https:\/\/schema.org\",\"@graph\":[{\"@type\":\"Article\",\"@id\":\"https:\/\/www.expoforest.com.br\/2023\/do-florestal-ao-agro\/#article\",\"isPartOf\":{\"@id\":\"https:\/\/www.expoforest.com.br\/2023\/do-florestal-ao-agro\/\"},\"author\":{\"name\":\"Expoforest\",\"@id\":\"https:\/\/www.expoforest.com.br\/2023\/#\/schema\/person\/8d0d6da75e47a9625367fd168d6193ed\"},\"headline\":\"Do Florestal ao Agro\",\"datePublished\":\"2018-02-21T21:38:49+00:00\",\"mainEntityOfPage\":{\"@id\":\"https:\/\/www.expoforest.com.br\/2023\/do-florestal-ao-agro\/\"},\"wordCount\":216,\"commentCount\":0,\"publisher\":{\"@id\":\"https:\/\/www.expoforest.com.br\/2023\/#organization\"},\"image\":{\"@id\":\"https:\/\/www.expoforest.com.br\/2023\/do-florestal-ao-agro\/#primaryimage\"},\"thumbnailUrl\":\"https:\/\/www.expoforest.com.br\/2023\/wp-content\/uploads\/2018\/02\/Savannah.jpg\",\"inLanguage\":\"pt-BR\",\"potentialAction\":[{\"@type\":\"CommentAction\",\"name\":\"Comment\",\"target\":[\"https:\/\/www.expoforest.com.br\/2023\/do-florestal-ao-agro\/#respond\"]}]},{\"@type\":\"WebPage\",\"@id\":\"https:\/\/www.expoforest.com.br\/2023\/do-florestal-ao-agro\/\",\"url\":\"https:\/\/www.expoforest.com.br\/2023\/do-florestal-ao-agro\/\",\"name\":\"Do Florestal ao Agro - Expoforest\",\"isPartOf\":{\"@id\":\"https:\/\/www.expoforest.com.br\/2023\/#website\"},\"primaryImageOfPage\":{\"@id\":\"https:\/\/www.expoforest.com.br\/2023\/do-florestal-ao-agro\/#primaryimage\"},\"image\":{\"@id\":\"https:\/\/www.expoforest.com.br\/2023\/do-florestal-ao-agro\/#primaryimage\"},\"thumbnailUrl\":\"https:\/\/www.expoforest.com.br\/2023\/wp-content\/uploads\/2018\/02\/Savannah.jpg\",\"datePublished\":\"2018-02-21T21:38:49+00:00\",\"breadcrumb\":{\"@id\":\"https:\/\/www.expoforest.com.br\/2023\/do-florestal-ao-agro\/#breadcrumb\"},\"inLanguage\":\"pt-BR\",\"potentialAction\":[{\"@type\":\"ReadAction\",\"target\":[\"https:\/\/www.expoforest.com.br\/2023\/do-florestal-ao-agro\/\"]}]},{\"@type\":\"ImageObject\",\"inLanguage\":\"pt-BR\",\"@id\":\"https:\/\/www.expoforest.com.br\/2023\/do-florestal-ao-agro\/#primaryimage\",\"url\":\"https:\/\/www.expoforest.com.br\/2023\/wp-content\/uploads\/2018\/02\/Savannah.jpg\",\"contentUrl\":\"https:\/\/www.expoforest.com.br\/2023\/wp-content\/uploads\/2018\/02\/Savannah.jpg\",\"width\":1086,\"height\":724},{\"@type\":\"BreadcrumbList\",\"@id\":\"https:\/\/www.expoforest.com.br\/2023\/do-florestal-ao-agro\/#breadcrumb\",\"itemListElement\":[{\"@type\":\"ListItem\",\"position\":1,\"name\":\"In\u00edcio\",\"item\":\"https:\/\/www.expoforest.com.br\/2023\/\"},{\"@type\":\"ListItem\",\"position\":2,\"name\":\"Do Florestal ao Agro\"}]},{\"@type\":\"WebSite\",\"@id\":\"https:\/\/www.expoforest.com.br\/2023\/#website\",\"url\":\"https:\/\/www.expoforest.com.br\/2023\/\",\"name\":\"Expoforest 2023\",\"description\":\"\",\"publisher\":{\"@id\":\"https:\/\/www.expoforest.com.br\/2023\/#organization\"},\"potentialAction\":[{\"@type\":\"SearchAction\",\"target\":{\"@type\":\"EntryPoint\",\"urlTemplate\":\"https:\/\/www.expoforest.com.br\/2023\/?s={search_term_string}\"},\"query-input\":{\"@type\":\"PropertyValueSpecification\",\"valueRequired\":true,\"valueName\":\"search_term_string\"}}],\"inLanguage\":\"pt-BR\"},{\"@type\":\"Organization\",\"@id\":\"https:\/\/www.expoforest.com.br\/2023\/#organization\",\"name\":\"Expoforest 2023\",\"url\":\"https:\/\/www.expoforest.com.br\/2023\/\",\"logo\":{\"@type\":\"ImageObject\",\"inLanguage\":\"pt-BR\",\"@id\":\"https:\/\/www.expoforest.com.br\/2023\/#\/schema\/logo\/image\/\",\"url\":\"https:\/\/expoforest.com.br\/wp-content\/uploads\/2023\/02\/avatar.jpg\",\"contentUrl\":\"https:\/\/expoforest.com.br\/wp-content\/uploads\/2023\/02\/avatar.jpg\",\"width\":1080,\"height\":1080,\"caption\":\"Expoforest 2023\"},\"image\":{\"@id\":\"https:\/\/www.expoforest.com.br\/2023\/#\/schema\/logo\/image\/\"}},{\"@type\":\"Person\",\"@id\":\"https:\/\/www.expoforest.com.br\/2023\/#\/schema\/person\/8d0d6da75e47a9625367fd168d6193ed\",\"name\":\"Expoforest\",\"url\":\"https:\/\/www.expoforest.com.br\/2023\/author\/expoforest\/\"}]}<\/script>\n<!-- \/ Yoast SEO plugin. -->","yoast_head_json":{"title":"Do Florestal ao Agro - Expoforest","robots":{"index":"index","follow":"follow","max-snippet":"max-snippet:-1","max-image-preview":"max-image-preview:large","max-video-preview":"max-video-preview:-1"},"canonical":"https:\/\/www.expoforest.com.br\/2023\/do-florestal-ao-agro\/","og_locale":"pt_BR","og_type":"article","og_title":"Do Florestal ao Agro - Expoforest","og_description":"A convers\u00e3o de terras florestais onde as florestas plantadas no local j\u00e1 foram colhidas com sucesso em terreno utiliz\u00e1vel para a agricultura \u00e9 uma alternativa vi\u00e1vel e sustent\u00e1vel para rentabilizar o uso dessa terra. O desafio para a convers\u00e3o do florestal ao agro \u00e9 o preparo de solo, pois os setores apresentam suas pr\u00f3prias necessidades. [&hellip;]","og_url":"https:\/\/www.expoforest.com.br\/2023\/do-florestal-ao-agro\/","og_site_name":"Expoforest","article_published_time":"2018-02-21T21:38:49+00:00","og_image":[{"width":1086,"height":724,"url":"https:\/\/www.expoforest.com.br\/2023\/wp-content\/uploads\/2018\/02\/Savannah.jpg","type":"image\/jpeg"}],"author":"Expoforest","twitter_card":"summary_large_image","twitter_misc":{"Escrito por":"Expoforest","Est. tempo de leitura":"1 minuto"},"schema":{"@context":"https:\/\/schema.org","@graph":[{"@type":"Article","@id":"https:\/\/www.expoforest.com.br\/2023\/do-florestal-ao-agro\/#article","isPartOf":{"@id":"https:\/\/www.expoforest.com.br\/2023\/do-florestal-ao-agro\/"},"author":{"name":"Expoforest","@id":"https:\/\/www.expoforest.com.br\/2023\/#\/schema\/person\/8d0d6da75e47a9625367fd168d6193ed"},"headline":"Do Florestal ao Agro","datePublished":"2018-02-21T21:38:49+00:00","mainEntityOfPage":{"@id":"https:\/\/www.expoforest.com.br\/2023\/do-florestal-ao-agro\/"},"wordCount":216,"commentCount":0,"publisher":{"@id":"https:\/\/www.expoforest.com.br\/2023\/#organization"},"image":{"@id":"https:\/\/www.expoforest.com.br\/2023\/do-florestal-ao-agro\/#primaryimage"},"thumbnailUrl":"https:\/\/www.expoforest.com.br\/2023\/wp-content\/uploads\/2018\/02\/Savannah.jpg","inLanguage":"pt-BR","potentialAction":[{"@type":"CommentAction","name":"Comment","target":["https:\/\/www.expoforest.com.br\/2023\/do-florestal-ao-agro\/#respond"]}]},{"@type":"WebPage","@id":"https:\/\/www.expoforest.com.br\/2023\/do-florestal-ao-agro\/","url":"https:\/\/www.expoforest.com.br\/2023\/do-florestal-ao-agro\/","name":"Do Florestal ao Agro - Expoforest","isPartOf":{"@id":"https:\/\/www.expoforest.com.br\/2023\/#website"},"primaryImageOfPage":{"@id":"https:\/\/www.expoforest.com.br\/2023\/do-florestal-ao-agro\/#primaryimage"},"image":{"@id":"https:\/\/www.expoforest.com.br\/2023\/do-florestal-ao-agro\/#primaryimage"},"thumbnailUrl":"https:\/\/www.expoforest.com.br\/2023\/wp-content\/uploads\/2018\/02\/Savannah.jpg","datePublished":"2018-02-21T21:38:49+00:00","breadcrumb":{"@id":"https:\/\/www.expoforest.com.br\/2023\/do-florestal-ao-agro\/#breadcrumb"},"inLanguage":"pt-BR","potentialAction":[{"@type":"ReadAction","target":["https:\/\/www.expoforest.com.br\/2023\/do-florestal-ao-agro\/"]}]},{"@type":"ImageObject","inLanguage":"pt-BR","@id":"https:\/\/www.expoforest.com.br\/2023\/do-florestal-ao-agro\/#primaryimage","url":"https:\/\/www.expoforest.com.br\/2023\/wp-content\/uploads\/2018\/02\/Savannah.jpg","contentUrl":"https:\/\/www.expoforest.com.br\/2023\/wp-content\/uploads\/2018\/02\/Savannah.jpg","width":1086,"height":724},{"@type":"BreadcrumbList","@id":"https:\/\/www.expoforest.com.br\/2023\/do-florestal-ao-agro\/#breadcrumb","itemListElement":[{"@type":"ListItem","position":1,"name":"In\u00edcio","item":"https:\/\/www.expoforest.com.br\/2023\/"},{"@type":"ListItem","position":2,"name":"Do Florestal ao Agro"}]},{"@type":"WebSite","@id":"https:\/\/www.expoforest.com.br\/2023\/#website","url":"https:\/\/www.expoforest.com.br\/2023\/","name":"Expoforest 2023","description":"","publisher":{"@id":"https:\/\/www.expoforest.com.br\/2023\/#organization"},"potentialAction":[{"@type":"SearchAction","target":{"@type":"EntryPoint","urlTemplate":"https:\/\/www.expoforest.com.br\/2023\/?s={search_term_string}"},"query-input":{"@type":"PropertyValueSpecification","valueRequired":true,"valueName":"search_term_string"}}],"inLanguage":"pt-BR"},{"@type":"Organization","@id":"https:\/\/www.expoforest.com.br\/2023\/#organization","name":"Expoforest 2023","url":"https:\/\/www.expoforest.com.br\/2023\/","logo":{"@type":"ImageObject","inLanguage":"pt-BR","@id":"https:\/\/www.expoforest.com.br\/2023\/#\/schema\/logo\/image\/","url":"https:\/\/expoforest.com.br\/wp-content\/uploads\/2023\/02\/avatar.jpg","contentUrl":"https:\/\/expoforest.com.br\/wp-content\/uploads\/2023\/02\/avatar.jpg","width":1080,"height":1080,"caption":"Expoforest 2023"},"image":{"@id":"https:\/\/www.expoforest.com.br\/2023\/#\/schema\/logo\/image\/"}},{"@type":"Person","@id":"https:\/\/www.expoforest.com.br\/2023\/#\/schema\/person\/8d0d6da75e47a9625367fd168d6193ed","name":"Expoforest","url":"https:\/\/www.expoforest.com.br\/2023\/author\/expoforest\/"}]}},"_links":{"self":[{"href":"https:\/\/www.expoforest.com.br\/2023\/wp-json\/wp\/v2\/posts\/5324","targetHints":{"allow":["GET"]}}],"collection":[{"href":"https:\/\/www.expoforest.com.br\/2023\/wp-json\/wp\/v2\/posts"}],"about":[{"href":"https:\/\/www.expoforest.com.br\/2023\/wp-json\/wp\/v2\/types\/post"}],"author":[{"embeddable":true,"href":"https:\/\/www.expoforest.com.br\/2023\/wp-json\/wp\/v2\/users\/3"}],"replies":[{"embeddable":true,"href":"https:\/\/www.expoforest.com.br\/2023\/wp-json\/wp\/v2\/comments?post=5324"}],"version-history":[{"count":0,"href":"https:\/\/www.expoforest.com.br\/2023\/wp-json\/wp\/v2\/posts\/5324\/revisions"}],"wp:featuredmedia":[{"embeddable":true,"href":"https:\/\/www.expoforest.com.br\/2023\/wp-json\/wp\/v2\/media\/5325"}],"wp:attachment":[{"href":"https:\/\/www.expoforest.com.br\/2023\/wp-json\/wp\/v2\/media?parent=5324"}],"wp:term":[{"taxonomy":"category","embeddable":true,"href":"https:\/\/www.expoforest.com.br\/2023\/wp-json\/wp\/v2\/categories?post=5324"},{"taxonomy":"post_tag","embeddable":true,"href":"https:\/\/www.expoforest.com.br\/2023\/wp-json\/wp\/v2\/tags?post=5324"}],"curies":[{"name":"wp","href":"https:\/\/api.w.org\/{rel}","templated":true}]}}