{"id":1211,"date":"2017-10-23T10:55:04","date_gmt":"2017-10-23T12:55:04","guid":{"rendered":"http:\/\/expoforest.com.br\/?p=1211"},"modified":"2017-10-23T10:55:04","modified_gmt":"2017-10-23T12:55:04","slug":"expoforest-uma-feira-global","status":"publish","type":"post","link":"https:\/\/www.expoforest.com.br\/2023\/expoforest-uma-feira-global\/","title":{"rendered":"Expoforest &#8211; Uma feira global"},"content":{"rendered":"<p>&nbsp;<\/p>\n<p>Nas tr\u00eas primeiras edi\u00e7\u00f5es da Expoforest, a feira tem\u00a0ganho cada vez mais import\u00e2ncia no cen\u00e1rio internacional.\u00a0Em 2014, 26 pa\u00edses tiveram representantes na feira. Para a pr\u00f3xima edi\u00e7\u00e3o, que acontecer\u00e1 entre os dias 11 e 13 de abril de 2018, na regi\u00e3o de Ribeir\u00e3o Preto, a expectativa em rela\u00e7\u00e3o ao p\u00fablico internacional \u00e9 ainda maior, afinal a Expoforest ser\u00e1 a principal feira florestal din\u00e2mica do ano no mundo.<\/p>\n<p>Compreendendo\u00a0esta import\u00e2ncia , as empresas do Conselho Gestor j\u00e1 deram in\u00edcio a um trabalho de divulga\u00e7\u00e3o com seus parceiros no exterior e j\u00e1 confirmam a vinda de centenas de profissionais.\u00a0&#8220;A Expoforest \u00e9 uma feira internacional desde a sua primeira edi\u00e7\u00e3o. \u00c9 uma oportunidade \u00fanica: visitar uma feira com demonstra\u00e7\u00f5es din\u00e2micas, em um pa\u00eds tropical com ciclos de r\u00e1pido crescimento, com uma dimens\u00e3o de florestas plantadas superior a qualquer outra na\u00e7\u00e3o&#8221;,\u00a0avaliou Rodrigo Junqueira, gerente de vendas da John Deere Florestal.<\/p>\n<p>Marcelo Antunes, consultor de marketing de produto \u2013 florestal da Caterpillar, ressaltou que: \u201cEsperamos receber clientes e parceiros de todos os continentes, alguns que j\u00e1 conhecem toda a estrutura e organiza\u00e7\u00e3o do evento e alguns novos que est\u00e3o cada vez mais reconhecendo a import\u00e2ncia do evento.\u201d<\/p>\n<p>A Ponsse, por sua vez, j\u00e1 divulgou a Expoforest para todas as suas unidades ao redor do mundo, com a expectativa de trazer mais de 200 convidados internacionais, tanto da Am\u00e9rica do Sul (Chile, Argentina, Uruguai e Col\u00f4mbia) quanto do Canad\u00e1, Finl\u00e2ndia, Portugal, Espanha, \u00c1frica do Sul, Austr\u00e1lia e mais.<\/p>\n<p>\u201cA Expoforest est\u00e1 inserida no mundo florestal e estamos certos da presen\u00e7a maci\u00e7a de visitantes estrangeiros. A Komatsu Forest est\u00e1 presente em 50 pa\u00edses e atrav\u00e9s das subsidi\u00e1rias ou <i>dealers<\/i> j\u00e1 estamos promovendo a divulga\u00e7\u00e3o da feira no exterior\u201d, adiantou Lonard dos Santos, gerente de vendas e marketing da Komatsu Forest.<\/p>\n<p>\u201cA expectativa \u00e9 de que a Expoforest 2018 consolide aos olhos dos visitantes internacionais a grande competitividade do mercado florestal brasileiro, atraindo assim mais investidores para o nosso pa\u00eds\u201d, concluiu Cairon Faria, da Tracbel (<i>dealer\u00a0<\/i>da Tigercat no Brasil).<\/p>\n","protected":false},"excerpt":{"rendered":"<p>&nbsp; Nas tr\u00eas primeiras edi\u00e7\u00f5es da Expoforest, a feira tem\u00a0ganho cada vez mais import\u00e2ncia no cen\u00e1rio internacional.\u00a0Em 2014, 26 pa\u00edses tiveram representantes na feira. Para a pr\u00f3xima edi\u00e7\u00e3o, que acontecer\u00e1 entre os dias 11 e 13 de abril de 2018, na regi\u00e3o de Ribeir\u00e3o Preto, a expectativa em rela\u00e7\u00e3o ao p\u00fablico internacional \u00e9 ainda maior, [&hellip;]<\/p>\n","protected":false},"author":3,"featured_media":1212,"comment_status":"open","ping_status":"open","sticky":false,"template":"","format":"standard","meta":{"_acf_changed":false,"footnotes":""},"categories":[1],"tags":[],"class_list":["post-1211","post","type-post","status-publish","format-standard","has-post-thumbnail","hentry","category-sem-categoria"],"acf":[],"yoast_head":"<!-- This site is optimized with the Yoast SEO plugin v26.9 - https:\/\/yoast.com\/product\/yoast-seo-wordpress\/ -->\n<title>Expoforest - Uma feira global - Expoforest<\/title>\n<meta name=\"robots\" content=\"index, follow, max-snippet:-1, max-image-preview:large, max-video-preview:-1\" \/>\n<link rel=\"canonical\" href=\"https:\/\/www.expoforest.com.br\/2023\/expoforest-uma-feira-global\/\" \/>\n<meta property=\"og:locale\" content=\"pt_BR\" \/>\n<meta property=\"og:type\" content=\"article\" \/>\n<meta property=\"og:title\" content=\"Expoforest - Uma feira global - Expoforest\" \/>\n<meta property=\"og:description\" content=\"&nbsp; Nas tr\u00eas primeiras edi\u00e7\u00f5es da Expoforest, a feira tem\u00a0ganho cada vez mais import\u00e2ncia no cen\u00e1rio internacional.\u00a0Em 2014, 26 pa\u00edses tiveram representantes na feira. Para a pr\u00f3xima edi\u00e7\u00e3o, que acontecer\u00e1 entre os dias 11 e 13 de abril de 2018, na regi\u00e3o de Ribeir\u00e3o Preto, a expectativa em rela\u00e7\u00e3o ao p\u00fablico internacional \u00e9 ainda maior, [&hellip;]\" \/>\n<meta property=\"og:url\" content=\"https:\/\/www.expoforest.com.br\/2023\/expoforest-uma-feira-global\/\" \/>\n<meta property=\"og:site_name\" content=\"Expoforest\" \/>\n<meta property=\"article:published_time\" content=\"2017-10-23T12:55:04+00:00\" \/>\n<meta property=\"og:image\" content=\"https:\/\/www.expoforest.com.br\/2023\/wp-content\/uploads\/2017\/10\/Sem-titulo-1.png\" \/>\n\t<meta property=\"og:image:width\" content=\"1\" \/>\n\t<meta property=\"og:image:height\" content=\"1\" \/>\n\t<meta property=\"og:image:type\" content=\"image\/png\" \/>\n<meta name=\"author\" content=\"Expoforest\" \/>\n<meta name=\"twitter:card\" content=\"summary_large_image\" \/>\n<meta name=\"twitter:label1\" content=\"Escrito por\" \/>\n\t<meta name=\"twitter:data1\" content=\"Expoforest\" \/>\n\t<meta name=\"twitter:label2\" content=\"Est. tempo de leitura\" \/>\n\t<meta name=\"twitter:data2\" content=\"2 minutos\" \/>\n<script type=\"application\/ld+json\" class=\"yoast-schema-graph\">{\"@context\":\"https:\/\/schema.org\",\"@graph\":[{\"@type\":\"Article\",\"@id\":\"https:\/\/www.expoforest.com.br\/2023\/expoforest-uma-feira-global\/#article\",\"isPartOf\":{\"@id\":\"https:\/\/www.expoforest.com.br\/2023\/expoforest-uma-feira-global\/\"},\"author\":{\"name\":\"Expoforest\",\"@id\":\"https:\/\/www.expoforest.com.br\/2023\/#\/schema\/person\/8d0d6da75e47a9625367fd168d6193ed\"},\"headline\":\"Expoforest &#8211; Uma feira global\",\"datePublished\":\"2017-10-23T12:55:04+00:00\",\"mainEntityOfPage\":{\"@id\":\"https:\/\/www.expoforest.com.br\/2023\/expoforest-uma-feira-global\/\"},\"wordCount\":365,\"commentCount\":0,\"publisher\":{\"@id\":\"https:\/\/www.expoforest.com.br\/2023\/#organization\"},\"image\":{\"@id\":\"https:\/\/www.expoforest.com.br\/2023\/expoforest-uma-feira-global\/#primaryimage\"},\"thumbnailUrl\":\"https:\/\/www.expoforest.com.br\/2023\/wp-content\/uploads\/2017\/10\/Sem-titulo-1.png\",\"inLanguage\":\"pt-BR\",\"potentialAction\":[{\"@type\":\"CommentAction\",\"name\":\"Comment\",\"target\":[\"https:\/\/www.expoforest.com.br\/2023\/expoforest-uma-feira-global\/#respond\"]}]},{\"@type\":\"WebPage\",\"@id\":\"https:\/\/www.expoforest.com.br\/2023\/expoforest-uma-feira-global\/\",\"url\":\"https:\/\/www.expoforest.com.br\/2023\/expoforest-uma-feira-global\/\",\"name\":\"Expoforest - Uma feira global - Expoforest\",\"isPartOf\":{\"@id\":\"https:\/\/www.expoforest.com.br\/2023\/#website\"},\"primaryImageOfPage\":{\"@id\":\"https:\/\/www.expoforest.com.br\/2023\/expoforest-uma-feira-global\/#primaryimage\"},\"image\":{\"@id\":\"https:\/\/www.expoforest.com.br\/2023\/expoforest-uma-feira-global\/#primaryimage\"},\"thumbnailUrl\":\"https:\/\/www.expoforest.com.br\/2023\/wp-content\/uploads\/2017\/10\/Sem-titulo-1.png\",\"datePublished\":\"2017-10-23T12:55:04+00:00\",\"breadcrumb\":{\"@id\":\"https:\/\/www.expoforest.com.br\/2023\/expoforest-uma-feira-global\/#breadcrumb\"},\"inLanguage\":\"pt-BR\",\"potentialAction\":[{\"@type\":\"ReadAction\",\"target\":[\"https:\/\/www.expoforest.com.br\/2023\/expoforest-uma-feira-global\/\"]}]},{\"@type\":\"ImageObject\",\"inLanguage\":\"pt-BR\",\"@id\":\"https:\/\/www.expoforest.com.br\/2023\/expoforest-uma-feira-global\/#primaryimage\",\"url\":\"https:\/\/www.expoforest.com.br\/2023\/wp-content\/uploads\/2017\/10\/Sem-titulo-1.png\",\"contentUrl\":\"https:\/\/www.expoforest.com.br\/2023\/wp-content\/uploads\/2017\/10\/Sem-titulo-1.png\"},{\"@type\":\"BreadcrumbList\",\"@id\":\"https:\/\/www.expoforest.com.br\/2023\/expoforest-uma-feira-global\/#breadcrumb\",\"itemListElement\":[{\"@type\":\"ListItem\",\"position\":1,\"name\":\"In\u00edcio\",\"item\":\"https:\/\/www.expoforest.com.br\/2023\/\"},{\"@type\":\"ListItem\",\"position\":2,\"name\":\"Expoforest &#8211; Uma feira global\"}]},{\"@type\":\"WebSite\",\"@id\":\"https:\/\/www.expoforest.com.br\/2023\/#website\",\"url\":\"https:\/\/www.expoforest.com.br\/2023\/\",\"name\":\"Expoforest 2023\",\"description\":\"\",\"publisher\":{\"@id\":\"https:\/\/www.expoforest.com.br\/2023\/#organization\"},\"potentialAction\":[{\"@type\":\"SearchAction\",\"target\":{\"@type\":\"EntryPoint\",\"urlTemplate\":\"https:\/\/www.expoforest.com.br\/2023\/?s={search_term_string}\"},\"query-input\":{\"@type\":\"PropertyValueSpecification\",\"valueRequired\":true,\"valueName\":\"search_term_string\"}}],\"inLanguage\":\"pt-BR\"},{\"@type\":\"Organization\",\"@id\":\"https:\/\/www.expoforest.com.br\/2023\/#organization\",\"name\":\"Expoforest 2023\",\"url\":\"https:\/\/www.expoforest.com.br\/2023\/\",\"logo\":{\"@type\":\"ImageObject\",\"inLanguage\":\"pt-BR\",\"@id\":\"https:\/\/www.expoforest.com.br\/2023\/#\/schema\/logo\/image\/\",\"url\":\"https:\/\/expoforest.com.br\/wp-content\/uploads\/2023\/02\/avatar.jpg\",\"contentUrl\":\"https:\/\/expoforest.com.br\/wp-content\/uploads\/2023\/02\/avatar.jpg\",\"width\":1080,\"height\":1080,\"caption\":\"Expoforest 2023\"},\"image\":{\"@id\":\"https:\/\/www.expoforest.com.br\/2023\/#\/schema\/logo\/image\/\"}},{\"@type\":\"Person\",\"@id\":\"https:\/\/www.expoforest.com.br\/2023\/#\/schema\/person\/8d0d6da75e47a9625367fd168d6193ed\",\"name\":\"Expoforest\",\"url\":\"https:\/\/www.expoforest.com.br\/2023\/author\/expoforest\/\"}]}<\/script>\n<!-- \/ Yoast SEO plugin. -->","yoast_head_json":{"title":"Expoforest - Uma feira global - Expoforest","robots":{"index":"index","follow":"follow","max-snippet":"max-snippet:-1","max-image-preview":"max-image-preview:large","max-video-preview":"max-video-preview:-1"},"canonical":"https:\/\/www.expoforest.com.br\/2023\/expoforest-uma-feira-global\/","og_locale":"pt_BR","og_type":"article","og_title":"Expoforest - Uma feira global - Expoforest","og_description":"&nbsp; Nas tr\u00eas primeiras edi\u00e7\u00f5es da Expoforest, a feira tem\u00a0ganho cada vez mais import\u00e2ncia no cen\u00e1rio internacional.\u00a0Em 2014, 26 pa\u00edses tiveram representantes na feira. Para a pr\u00f3xima edi\u00e7\u00e3o, que acontecer\u00e1 entre os dias 11 e 13 de abril de 2018, na regi\u00e3o de Ribeir\u00e3o Preto, a expectativa em rela\u00e7\u00e3o ao p\u00fablico internacional \u00e9 ainda maior, [&hellip;]","og_url":"https:\/\/www.expoforest.com.br\/2023\/expoforest-uma-feira-global\/","og_site_name":"Expoforest","article_published_time":"2017-10-23T12:55:04+00:00","og_image":[{"url":"https:\/\/www.expoforest.com.br\/2023\/wp-content\/uploads\/2017\/10\/Sem-titulo-1.png","width":1,"height":1,"type":"image\/png"}],"author":"Expoforest","twitter_card":"summary_large_image","twitter_misc":{"Escrito por":"Expoforest","Est. tempo de leitura":"2 minutos"},"schema":{"@context":"https:\/\/schema.org","@graph":[{"@type":"Article","@id":"https:\/\/www.expoforest.com.br\/2023\/expoforest-uma-feira-global\/#article","isPartOf":{"@id":"https:\/\/www.expoforest.com.br\/2023\/expoforest-uma-feira-global\/"},"author":{"name":"Expoforest","@id":"https:\/\/www.expoforest.com.br\/2023\/#\/schema\/person\/8d0d6da75e47a9625367fd168d6193ed"},"headline":"Expoforest &#8211; Uma feira global","datePublished":"2017-10-23T12:55:04+00:00","mainEntityOfPage":{"@id":"https:\/\/www.expoforest.com.br\/2023\/expoforest-uma-feira-global\/"},"wordCount":365,"commentCount":0,"publisher":{"@id":"https:\/\/www.expoforest.com.br\/2023\/#organization"},"image":{"@id":"https:\/\/www.expoforest.com.br\/2023\/expoforest-uma-feira-global\/#primaryimage"},"thumbnailUrl":"https:\/\/www.expoforest.com.br\/2023\/wp-content\/uploads\/2017\/10\/Sem-titulo-1.png","inLanguage":"pt-BR","potentialAction":[{"@type":"CommentAction","name":"Comment","target":["https:\/\/www.expoforest.com.br\/2023\/expoforest-uma-feira-global\/#respond"]}]},{"@type":"WebPage","@id":"https:\/\/www.expoforest.com.br\/2023\/expoforest-uma-feira-global\/","url":"https:\/\/www.expoforest.com.br\/2023\/expoforest-uma-feira-global\/","name":"Expoforest - Uma feira global - Expoforest","isPartOf":{"@id":"https:\/\/www.expoforest.com.br\/2023\/#website"},"primaryImageOfPage":{"@id":"https:\/\/www.expoforest.com.br\/2023\/expoforest-uma-feira-global\/#primaryimage"},"image":{"@id":"https:\/\/www.expoforest.com.br\/2023\/expoforest-uma-feira-global\/#primaryimage"},"thumbnailUrl":"https:\/\/www.expoforest.com.br\/2023\/wp-content\/uploads\/2017\/10\/Sem-titulo-1.png","datePublished":"2017-10-23T12:55:04+00:00","breadcrumb":{"@id":"https:\/\/www.expoforest.com.br\/2023\/expoforest-uma-feira-global\/#breadcrumb"},"inLanguage":"pt-BR","potentialAction":[{"@type":"ReadAction","target":["https:\/\/www.expoforest.com.br\/2023\/expoforest-uma-feira-global\/"]}]},{"@type":"ImageObject","inLanguage":"pt-BR","@id":"https:\/\/www.expoforest.com.br\/2023\/expoforest-uma-feira-global\/#primaryimage","url":"https:\/\/www.expoforest.com.br\/2023\/wp-content\/uploads\/2017\/10\/Sem-titulo-1.png","contentUrl":"https:\/\/www.expoforest.com.br\/2023\/wp-content\/uploads\/2017\/10\/Sem-titulo-1.png"},{"@type":"BreadcrumbList","@id":"https:\/\/www.expoforest.com.br\/2023\/expoforest-uma-feira-global\/#breadcrumb","itemListElement":[{"@type":"ListItem","position":1,"name":"In\u00edcio","item":"https:\/\/www.expoforest.com.br\/2023\/"},{"@type":"ListItem","position":2,"name":"Expoforest &#8211; Uma feira global"}]},{"@type":"WebSite","@id":"https:\/\/www.expoforest.com.br\/2023\/#website","url":"https:\/\/www.expoforest.com.br\/2023\/","name":"Expoforest 2023","description":"","publisher":{"@id":"https:\/\/www.expoforest.com.br\/2023\/#organization"},"potentialAction":[{"@type":"SearchAction","target":{"@type":"EntryPoint","urlTemplate":"https:\/\/www.expoforest.com.br\/2023\/?s={search_term_string}"},"query-input":{"@type":"PropertyValueSpecification","valueRequired":true,"valueName":"search_term_string"}}],"inLanguage":"pt-BR"},{"@type":"Organization","@id":"https:\/\/www.expoforest.com.br\/2023\/#organization","name":"Expoforest 2023","url":"https:\/\/www.expoforest.com.br\/2023\/","logo":{"@type":"ImageObject","inLanguage":"pt-BR","@id":"https:\/\/www.expoforest.com.br\/2023\/#\/schema\/logo\/image\/","url":"https:\/\/expoforest.com.br\/wp-content\/uploads\/2023\/02\/avatar.jpg","contentUrl":"https:\/\/expoforest.com.br\/wp-content\/uploads\/2023\/02\/avatar.jpg","width":1080,"height":1080,"caption":"Expoforest 2023"},"image":{"@id":"https:\/\/www.expoforest.com.br\/2023\/#\/schema\/logo\/image\/"}},{"@type":"Person","@id":"https:\/\/www.expoforest.com.br\/2023\/#\/schema\/person\/8d0d6da75e47a9625367fd168d6193ed","name":"Expoforest","url":"https:\/\/www.expoforest.com.br\/2023\/author\/expoforest\/"}]}},"_links":{"self":[{"href":"https:\/\/www.expoforest.com.br\/2023\/wp-json\/wp\/v2\/posts\/1211","targetHints":{"allow":["GET"]}}],"collection":[{"href":"https:\/\/www.expoforest.com.br\/2023\/wp-json\/wp\/v2\/posts"}],"about":[{"href":"https:\/\/www.expoforest.com.br\/2023\/wp-json\/wp\/v2\/types\/post"}],"author":[{"embeddable":true,"href":"https:\/\/www.expoforest.com.br\/2023\/wp-json\/wp\/v2\/users\/3"}],"replies":[{"embeddable":true,"href":"https:\/\/www.expoforest.com.br\/2023\/wp-json\/wp\/v2\/comments?post=1211"}],"version-history":[{"count":0,"href":"https:\/\/www.expoforest.com.br\/2023\/wp-json\/wp\/v2\/posts\/1211\/revisions"}],"wp:featuredmedia":[{"embeddable":true,"href":"https:\/\/www.expoforest.com.br\/2023\/wp-json\/wp\/v2\/media\/1212"}],"wp:attachment":[{"href":"https:\/\/www.expoforest.com.br\/2023\/wp-json\/wp\/v2\/media?parent=1211"}],"wp:term":[{"taxonomy":"category","embeddable":true,"href":"https:\/\/www.expoforest.com.br\/2023\/wp-json\/wp\/v2\/categories?post=1211"},{"taxonomy":"post_tag","embeddable":true,"href":"https:\/\/www.expoforest.com.br\/2023\/wp-json\/wp\/v2\/tags?post=1211"}],"curies":[{"name":"wp","href":"https:\/\/api.w.org\/{rel}","templated":true}]}}